{"id":1154,"date":"2025-12-10T13:30:00","date_gmt":"2025-12-10T11:30:00","guid":{"rendered":"https:\/\/docpoint.fi\/?p=1154"},"modified":"2025-12-10T13:35:08","modified_gmt":"2025-12-10T11:35:08","slug":"competition-films-2026","status":"publish","type":"post","link":"https:\/\/www.docpoint.ee\/test\/en\/news\/competition-films-2026\/","title":{"rendered":"COMPETITION FILMS ANNOUNCED \u2013 DAYS OF WONDER TO OPEN THE FESTIVAL"},"content":{"rendered":"\n<p>DocPoint \u2013 Helsinki Documentary Film Festival will celebrate its 25th anniversary next year. The anniversary edition will take place from 3\u20138 February 2026, once again bringing the most topical documentary films to the silver screen. DocPoint will once again feature three competition categories: the International Competition, the National Competition and the National Short Film Competition.<\/p>\n\n\n\n<p>The International Competition will present ten films, while eight films have been selected for the National Competition. In addition, nineteen films will compete in the National Short Film Competition. One of the films in the National Competition, <em>Days of Wonder<\/em> directed by <strong>Karin Pennanen<\/strong>, has been selected as the festival\u2019s opening film. The work is a personal portrayal of the director\u2019s reclusive uncle, whose home revealed an extraordinary artistic life\u2019s work after his death.<\/p>\n\n\n\n<p>The National and International Competitions have been part of DocPoint\u2019s programme since 2021. The competitions feature works that represent the full breadth of documentary cinema as an art form and that are bold and distinctive in their approach. The winners will be selected by professional juries and announced at the festival\u2019s awards gala on Saturday, 7 February 2026.<\/p>\n\n\n\n<p>DocPoint\u2019s Artistic Director <strong>Inka Acht\u00e9<\/strong> comments:<\/p>\n\n\n\n<p><em>\u201cDocumentary cinema is needed in these times of crisis more urgently than ever. DocPoint\u2019s competitions respond to the surrounding world in many different ways; the selection includes multi-layered portrayals of individuals, collectively created films in which the personal intertwines with the political, as well as works in which history is \u2018rewritten\u2019 by re-editing old archival material. What the competition films share is the way they reveal humanity behind data and news reports, keep political and moral imagination alive, and help us read between the lines.\u201d<\/em><\/p>\n\n\n\n<p><strong>NATIONAL COMPETITION FILMS<\/strong><br>Eight feature-length documentaries have been selected for the National Competition.<\/p>\n\n\n\n<p><strong>Christopher Petit<\/strong> and <strong>Emma Matthews\u2019<\/strong> <em>D Is for Distance<\/em> examines the meanings of distance and closeness on both emotional and geographical levels.<\/p>\n\n\n\n<p><strong>Sinna Virtanen\u2019s<\/strong> <em>Etna<\/em> is a poetic documentary about intergenerational trauma, in which a volcano transforms from a metaphor for suppressed emotions into a living agent.<\/p>\n\n\n\n<p><strong>Ann-Mari Leinonen<\/strong> and <strong>Einari Paakkanen\u2019s<\/strong> <em>The Invisible Enemy<\/em> follows two Finnish volunteer soldiers who fought in Ukraine as they undergo trauma therapy in order to find their way back to everyday life.<\/p>\n\n\n\n<p><strong>Karin Pennanen\u2019s <\/strong><em>Days of Wonder<\/em> is an intimate portrait of a long-overlooked Finnish artist and his life\u2019s work.<\/p>\n\n\n\n<p><strong>Jenni Kivist\u00f6<\/strong> and <strong>Jussi Rastas\u2019<\/strong> <em>Silent Legacy<\/em> tells the story of Sibiri, a contemporary dancer living in Finland, and his identity process between two realities.<\/p>\n\n\n\n<p><strong>Tonislav Hristov\u2019s<\/strong> <em>Truth or Dare<\/em> follows, ahead of the Bulgarian elections, a journalist investigating disinformation and an engineer who spreads conservative conspiracy theories.<\/p>\n\n\n\n<p><strong>Mohamed El Aboudi\u2019s<\/strong> <em>The Last Chapter<\/em> examines the reflections of ageing first-generation immigrants on identity, belonging, love and death.<\/p>\n\n\n\n<p><strong>Panu Suuronen\u2019s<\/strong> <em>In Full Agreement<\/em> explores how the war in Ukraine has reshaped the identity and sense of belonging of Russian-speaking Finns.<\/p>\n\n\n\n<p>National Competition Jury:<br><strong>Darko Nabakov<\/strong> (MakeDox), <strong>Jasmina Vignjevic<\/strong>, <strong>Murtada Elfadl<\/strong><\/p>\n\n\n\n<hr class=\"wp-block-separator has-alpha-channel-opacity\"\/>\n\n\n\n<h1 class=\"wp-block-heading\"><strong>INTERNATIONAL COMPETITION FILMS<\/strong><\/h1>\n\n\n\n<p>Ten documentary films have been selected for the International Competition.<\/p>\n\n\n\n<p><strong>D\u00e9ni Oumar Pitsaev\u2019s<\/strong> <em>Imago<\/em> follows a return to one\u2019s roots in the Caucasus, where the dream of a house in the forest reveals wounded family relationships and layered identities.<\/p>\n\n\n\n<p><strong>Lana Daher\u2019s<\/strong> <em>Do You Love Me?<\/em> is a love letter to Beirut and its history, composed from archival material.<\/p>\n\n\n\n<p><strong>Aboozar Amini\u2019s <\/strong><em>Kabul, Between Prayers<\/em> follows a young man navigating Taliban ideology, family expectations and everyday life in Afghanistan.<\/p>\n\n\n\n<p><em>Khartoum<\/em>, directed by <strong>Anas Saeed<\/strong>, <strong>Rawia Alhag<\/strong>,<strong> Ibrahim Snoopy Ahmad<\/strong>, <strong>Timeea Mohamed Ahmed<\/strong> and <strong>Phil Cox<\/strong>, portrays the everyday reality and resilience of Sudanese people living amid war.<\/p>\n\n\n\n<p><strong>Misha Vallejo\u2019s<\/strong> <em>Light Memories<\/em> is a personal journey into intergenerational trauma and hidden family secrets.<\/p>\n\n\n\n<p><strong>Robin Petr\u00e9\u2019s<\/strong> <em>Only on Earth<\/em> examines the tension between humans and nature in the age of the climate crisis.<\/p>\n\n\n\n<p><strong>Brittany Shyne\u2019s<\/strong> <em>Seeds<\/em> depicts the lives of African American farmers in the United States during a historical transition.<\/p>\n\n\n\n<p><strong>Hemen Khaledi\u2019s<\/strong> <em>Singing Wings<\/em> portrays a Kurdish woman\u2019s relationship with an injured stork, paralleling the emotions sparked by her daughter\u2019s plans to move away.<\/p>\n\n\n\n<p><strong>Yrsa Roca Fannberg\u2019s<\/strong> film-shot <em>The Ground Beneath Our Feet<\/em> observes the small daily wonders in the life of care home residents.<\/p>\n\n\n\n<p><strong>Nils Toftenow<\/strong>, <strong>Mathias Rosberg<\/strong> and <strong>Olle Toftenow\u2019s<\/strong> <em>Zlatan\u2019s Nose<\/em> blends true crime, comedy and filmmaking in the mystery of the missing nose of a Zlatan Ibrahimovi\u0107 statue.<\/p>\n\n\n\n<p><strong>International Competition Jury:<\/strong><strong><br><\/strong><strong>Ali Khechen <\/strong>(Doha Film Institute),<strong> Chico Pereira<\/strong>,<strong> Enik\u0151 Gyuresk\u00f3<\/strong><\/p>\n\n\n\n<hr class=\"wp-block-separator has-alpha-channel-opacity\"\/>\n\n\n\n<h1 class=\"wp-block-heading\"><strong>NATIONAL SHORT FILM COMPETITION<\/strong><\/h1>\n\n\n\n<p>Nineteen films have been selected for the National Short Film Competition, screened across three different programmes. The films explore themes such as urban environments, the relationship between humans and nature, layered memory and experiences shaped by times of crisis. The selection also features experimental works that make use of archival materials, animation and fiction. The programme reflects current uncertainties, but also everyday humour and hope.<\/p>\n\n\n\n<p><strong>National Short Film Competition Jury:<\/strong><strong><br><\/strong><strong>Amani Al-mehsen, Antti Lempi\u00e4inen, Dario Oliveira<\/strong><\/p>\n\n\n\n<hr class=\"wp-block-separator has-alpha-channel-opacity\"\/>\n\n\n\n<h1 class=\"wp-block-heading\"><strong>FESTIVAL PROGRAMME AND TICKET SALES<\/strong><\/h1>\n\n\n\n<p>The full festival programme will be announced on 8 January 2026, and individual screening tickets will go on sale on 13 January 2026.<\/p>\n\n\n\n<p>Festival passes will be available from 10 December 2025, with Early Bird prices valid until 29 December 2025:<br>\u2013 5 tickets for \u20ac58 \/ concessions \u20ac42,5<br>\u2013 10 tickets for \u20ac105 \/ concessions \u20ac80<\/p>\n\n\n\n<hr class=\"wp-block-separator has-alpha-channel-opacity\"\/>\n\n\n\n<h1 class=\"wp-block-heading\"><strong>NATIONAL COMPETITION \u2013 FULL LIST<\/strong><\/h1>\n\n\n\n<p><strong>Christopher Petit, Emma Matthews: <\/strong><em>D Is for Distance<\/em><strong><em><br><\/em><\/strong><strong>Sinna Virtanen: <\/strong><em>Etna<\/em><strong><em><br><\/em><\/strong><strong>Panu Suuronen: <\/strong><em>In Full Agreement<\/em><strong><em><br><\/em><\/strong><strong>Einari Paakkanen, Ann-Mari Leinonen: <\/strong><em>The Invisible Enemy<\/em><strong><em><br><\/em><\/strong><strong>Karin Pennanen: <\/strong><em>Days of Wonder<\/em><strong><em><br><\/em><\/strong><strong>Jenni Kivist\u00f6, Jussi Rastas: <\/strong><em>Silent Legacy<\/em><strong><em><br><\/em><\/strong><strong>Tonislav Hristov: <\/strong><em>Truth or Dare<\/em><strong><em><br><\/em><\/strong><strong>Mohamed El Aboudi: <\/strong><em>The Last Chapter<\/em><\/p>\n\n\n\n<hr class=\"wp-block-separator has-alpha-channel-opacity\"\/>\n\n\n\n<h1 class=\"wp-block-heading\"><strong>INTERNATIONAL COMPETITION \u2013 FULL LIST<\/strong><\/h1>\n\n\n\n<p><strong>Lana Daher: <\/strong><em>Do You Love Me<\/em><strong><em><br><\/em><\/strong><strong>Deni Oumar Pitsaev: <\/strong><em>Imago<\/em><strong><em><br><\/em><\/strong><strong>Aboozar Amini: <\/strong><em>Kabul, Between Prayers<\/em><strong><em><br><\/em><\/strong><strong>Anas Saeed, Rawia Alhag, Ibrahim Snoopy Ahmad, Timeea Mohamed Ahmed, Phil Cox: <\/strong><em>Khartoum<\/em><strong><em><br><\/em><\/strong><strong> Misha Vallejo: <\/strong><em>Light Memories<\/em><strong><em><br><\/em><\/strong><strong> Robin Petr\u00e9: <\/strong><em>Only on Earth<\/em><strong><em><br><\/em><\/strong><strong> Brittany Shyne: <\/strong><em>Seeds<\/em><strong><em><br><\/em><\/strong><strong> Hemen Khaledi: <\/strong><em>Singing Wings<\/em><strong><em><br><\/em><\/strong><strong> Yrsa Roca Fannberg: <\/strong><em>The Ground Beneath Our Feet<\/em><strong><em><br><\/em><\/strong><strong> Nils Toftenow, Mathias Rosberg, Olle Toftenow: <\/strong><em>Zlatan\u2019s Nose<\/em><\/p>\n\n\n\n<hr class=\"wp-block-separator has-alpha-channel-opacity\"\/>\n\n\n\n<h1 class=\"wp-block-heading\"><strong>NATIONAL SHORT FILM COMPETITION \u2013 FULL LIST<\/strong><\/h1>\n\n\n\n<p><strong>Anni Tiainen, Teresia Fant:<\/strong> <em>20 Metres from Russia<\/em><strong><em><br><\/em><\/strong><strong>Eero Tammi: <\/strong><em>The Ghost Feel Hour<\/em><strong><em><br><\/em><\/strong><strong>Jani Peltonen: <\/strong><em>Equal Dust<\/em><strong><em><br><\/em><\/strong><strong>Martta Tuomaala: <\/strong><em>Am I Calling You at a Bad Time?<\/em><strong><em><br><\/em><\/strong><strong>Heta Kuchka: <\/strong><em>Homesick<\/em><strong><em><br><\/em><\/strong><strong>Heidi Tirri: <\/strong><em>Human Machine<\/em><strong><em><br><\/em><\/strong><strong>Joel Karppanen: <\/strong><em>John 9:25<\/em><strong><em><br><\/em><\/strong><strong>Moona Pennanen: <\/strong><em>All the Light That Remains<\/em><strong><em><br><\/em><\/strong><strong>Miia Autio: <\/strong><em>Letter 1 \/ AIR<\/em><strong><em><br><\/em><\/strong><strong>Juice Huhtala:<\/strong> <em>Lonely Rider<\/em><strong><em><br><\/em><\/strong><strong>Emilia Hernesniemi: <\/strong><em>The Monster<\/em><strong><em><br><\/em><\/strong><strong>Pilvi Takala: <\/strong><em>Feeling Defensive (Part 1)<\/em><strong><em><br><\/em><\/strong><strong>P.V. Lehtinen: <\/strong><em>Simo Was Here<\/em><strong><em><br><\/em><\/strong><strong>Niina Suominen: <\/strong><em>Smoking Spot<\/em><strong><em><br><\/em><\/strong><strong>Paola Fernanda: <\/strong><em>Diving Wombs<\/em><strong><em><br><\/em><\/strong><strong>Anni Sairio, Joonatan Turkki:<\/strong> <em>Speeding, of Course<\/em><strong><em><br><\/em><\/strong><strong>Risto-Pekka Blom:<\/strong> <em>Invasive Species<\/em><strong><em><br><\/em><\/strong><strong>Marja Viitahuhta, \u00c1nn\u00e1m\u00e1ret, Turkka Inkil\u00e4, Ilkka Heinonen: <\/strong><em>Vuoi\u014b\u014bat<\/em><strong><em><br><\/em><\/strong><strong>Ewa G\u00f3rzna, Katarzyna Miron: <\/strong><em>Watchful<\/em><\/p>\n","protected":false},"excerpt":{"rendered":"<p>DocPoint \u2013 Helsinki Documentary Film Festival will celebrate its 25th anniversary next year. The anniversary edition will take place from 3\u20138 February 2026, once again bringing the most topical documentary films to the silver screen. DocPoint will once again feature three competition categories: the International Competition, the National Competition and the National Short Film Competition. [&hellip;]<\/p>\n","protected":false},"author":10,"featured_media":1765,"comment_status":"closed","ping_status":"open","sticky":false,"template":"","format":"standard","meta":{"_acf_changed":false,"footnotes":""},"categories":[20],"tags":[],"class_list":["post-1154","post","type-post","status-publish","format-standard","has-post-thumbnail","hentry","category-news"],"acf":[],"_links":{"self":[{"href":"https:\/\/www.docpoint.ee\/test\/wp-json\/wp\/v2\/posts\/1154","targetHints":{"allow":["GET"]}}],"collection":[{"href":"https:\/\/www.docpoint.ee\/test\/wp-json\/wp\/v2\/posts"}],"about":[{"href":"https:\/\/www.docpoint.ee\/test\/wp-json\/wp\/v2\/types\/post"}],"author":[{"embeddable":true,"href":"https:\/\/www.docpoint.ee\/test\/wp-json\/wp\/v2\/users\/10"}],"replies":[{"embeddable":true,"href":"https:\/\/www.docpoint.ee\/test\/wp-json\/wp\/v2\/comments?post=1154"}],"version-history":[{"count":3,"href":"https:\/\/www.docpoint.ee\/test\/wp-json\/wp\/v2\/posts\/1154\/revisions"}],"predecessor-version":[{"id":2115,"href":"https:\/\/www.docpoint.ee\/test\/wp-json\/wp\/v2\/posts\/1154\/revisions\/2115"}],"wp:featuredmedia":[{"embeddable":true,"href":"https:\/\/www.docpoint.ee\/test\/wp-json\/wp\/v2\/media\/1765"}],"wp:attachment":[{"href":"https:\/\/www.docpoint.ee\/test\/wp-json\/wp\/v2\/media?parent=1154"}],"wp:term":[{"taxonomy":"category","embeddable":true,"href":"https:\/\/www.docpoint.ee\/test\/wp-json\/wp\/v2\/categories?post=1154"},{"taxonomy":"post_tag","embeddable":true,"href":"https:\/\/www.docpoint.ee\/test\/wp-json\/wp\/v2\/tags?post=1154"}],"curies":[{"name":"wp","href":"https:\/\/api.w.org\/{rel}","templated":true}]}}